{"id":199,"date":"2016-04-19T09:52:14","date_gmt":"2016-04-19T09:52:14","guid":{"rendered":"https:\/\/ikmk.hu\/archiv\/?p=199"},"modified":"2018-04-14T05:31:39","modified_gmt":"2018-04-14T05:31:39","slug":"konyvjelzok-leiner-lauratol-2016-04-19","status":"publish","type":"post","link":"https:\/\/ikmk.hu\/archiv\/konyvtari-hirek\/konyvtar-archiv\/konyvjelzok-leiner-lauratol-2016-04-19\/","title":{"rendered":"K\u00f6nyvjelz\u0151k Leiner Laur\u00e1t\u00f3l  2016.04.19."},"content":{"rendered":"<p>Leiner Laura \u00f6sszes, eddig megjelent k\u00f6nyve k\u00f6lcs\u00f6n\u00f6zhet\u0151 a k\u00f6nyvt\u00e1rb\u00f3l, amelyek folyamatos k\u00f6lcs\u00f6nz\u00e9sben is vannak. Nem egy olvas\u00f3 \u00fajra olvassa egyes k\u00f6teteit. K\u00e9r\u00e9sre sugallta a megh\u00edv\u00e1s \u00f6tlet\u00e9t. Megkerestem az \u00edr\u00f3n\u0151t, aki sajnos nem tud eleget tenni a felk\u00e9r\u00e9snek, azonban egy kis aj\u00e1nd\u00e9kkal kedveskedett olvas\u00f3inak. <\/p>\n<p>Leiner Linda a k\u00f6vetkez\u0151 v\u00e1laszt k\u00fcldte: <\/p>\n<p><em>&#8222;K\u00f6sz\u00f6nj\u00fck a megkeres\u00e9st, nagyon megtisztel\u0151, hogy Laur\u00e1ra gondoltak, azonban sajnos jelenleg semmilyen megkeres\u00e9snek nem tud eleget tenni az \u00faj k\u00f6nyv megjelen\u00e9se miatt, de nagyon sz\u00edvesen k\u00fcld\u00fcnk dedik\u00e1lt k\u00e1rty\u00e1t az olvas\u00f3knak \u00e9s b\u00edzunk benne, hogy a k\u00f6vetkez\u0151 dedik\u00e1l\u00f3 k\u00f6r\u00fat sor\u00e1n el tudunk l\u00e1togatni \u00d6n\u00f6kh\u00f6z is.&#8221;  <\/em> <\/p>\n<p>V\u00e1rjuk az \u00edr\u00f3n\u0151t \u00e9s k\u00f6sz\u00f6nj\u00fck a k\u00f6nyvjelz\u0151ket, nagyon-nagy \u00f6r\u00f6met szereztek ezzel a l\u00e1nyoknak!<\/p>\n<p><img loading=\"lazy\" decoding=\"async\" src=\"https:\/\/ikmk.hu\/archiv\/wp-content\/uploads\/2018\/02\/Leiner_Laura_konyvjelzo.jpg\" alt=\"\" width=\"808\" height=\"1180\" class=\"alignnone size-full wp-image-200\" srcset=\"https:\/\/ikmk.hu\/archiv\/wp-content\/uploads\/2018\/02\/Leiner_Laura_konyvjelzo.jpg 740w, https:\/\/ikmk.hu\/archiv\/wp-content\/uploads\/2018\/02\/Leiner_Laura_konyvjelzo-205x300.jpg 205w, https:\/\/ikmk.hu\/archiv\/wp-content\/uploads\/2018\/02\/Leiner_Laura_konyvjelzo-768x1122.jpg 768w, https:\/\/ikmk.hu\/archiv\/wp-content\/uploads\/2018\/02\/Leiner_Laura_konyvjelzo-701x1024.jpg 701w, https:\/\/ikmk.hu\/archiv\/wp-content\/uploads\/2018\/02\/Leiner_Laura_konyvjelzo-590x862.jpg 590w\" sizes=\"auto, (max-width: 808px) 100vw, 808px\" \/><\/p>\n","protected":false},"excerpt":{"rendered":"<p>Leiner Laura \u00f6sszes, eddig megjelent k\u00f6nyve k\u00f6lcs\u00f6n\u00f6zhet\u0151 a k\u00f6nyvt\u00e1rb\u00f3l, amelyek folyamatos k\u00f6lcs\u00f6nz\u00e9sben is vannak. Nem egy olvas\u00f3 \u00fajra olvassa egyes k\u00f6teteit. K\u00e9r\u00e9sre sugallta a megh\u00edv\u00e1s \u00f6tlet\u00e9t. Megkerestem az \u00edr\u00f3n\u0151t, aki sajnos nem tud eleget tenni a felk\u00e9r\u00e9snek, azonban egy kis aj\u00e1nd\u00e9kkal kedveskedett olvas\u00f3inak. Leiner Linda a k\u00f6vetkez\u0151 v\u00e1laszt k\u00fcldte: &#8222;K\u00f6sz\u00f6nj\u00fck a megkeres\u00e9st, nagyon megtisztel\u0151, hogy [&hellip;]<\/p>\n","protected":false},"author":1,"featured_media":0,"comment_status":"open","ping_status":"open","sticky":false,"template":"","format":"standard","meta":{"footnotes":""},"categories":[20],"tags":[],"class_list":["post-199","post","type-post","status-publish","format-standard","hentry","category-konyvtar-archiv"],"brizy_media":[],"_links":{"self":[{"href":"https:\/\/ikmk.hu\/archiv\/wp-json\/wp\/v2\/posts\/199","targetHints":{"allow":["GET"]}}],"collection":[{"href":"https:\/\/ikmk.hu\/archiv\/wp-json\/wp\/v2\/posts"}],"about":[{"href":"https:\/\/ikmk.hu\/archiv\/wp-json\/wp\/v2\/types\/post"}],"author":[{"embeddable":true,"href":"https:\/\/ikmk.hu\/archiv\/wp-json\/wp\/v2\/users\/1"}],"replies":[{"embeddable":true,"href":"https:\/\/ikmk.hu\/archiv\/wp-json\/wp\/v2\/comments?post=199"}],"version-history":[{"count":1,"href":"https:\/\/ikmk.hu\/archiv\/wp-json\/wp\/v2\/posts\/199\/revisions"}],"predecessor-version":[{"id":201,"href":"https:\/\/ikmk.hu\/archiv\/wp-json\/wp\/v2\/posts\/199\/revisions\/201"}],"wp:attachment":[{"href":"https:\/\/ikmk.hu\/archiv\/wp-json\/wp\/v2\/media?parent=199"}],"wp:term":[{"taxonomy":"category","embeddable":true,"href":"https:\/\/ikmk.hu\/archiv\/wp-json\/wp\/v2\/categories?post=199"},{"taxonomy":"post_tag","embeddable":true,"href":"https:\/\/ikmk.hu\/archiv\/wp-json\/wp\/v2\/tags?post=199"}],"curies":[{"name":"wp","href":"https:\/\/api.w.org\/{rel}","templated":true}]}}