{"id":202,"date":"2016-09-30T09:54:09","date_gmt":"2016-09-30T09:54:09","guid":{"rendered":"https:\/\/ikmk.hu\/archiv\/?p=202"},"modified":"2018-04-14T05:31:44","modified_gmt":"2018-04-14T05:31:44","slug":"nepmese-napja-2016-09-30","status":"publish","type":"post","link":"https:\/\/ikmk.hu\/archiv\/konyvtari-hirek\/konyvtar-archiv\/nepmese-napja-2016-09-30\/","title":{"rendered":"N\u00e9pmese napja 2016.09.30."},"content":{"rendered":"<p>Id\u00e9n szeptember 30-\u00e1n ism\u00e9t megrendez\u00e9sre ker\u00fclt a N\u00e9pmese Napja, amelyet Benedek Elek, a nagy mese\u00edr\u00f3 \u00e9s mesegy\u0171jt\u0151 sz\u00fclet\u00e9s\u00e9nek \u00e9vfordul\u00f3j\u00e1n tartottunk. A felk\u00e9sz\u00edt\u0151k (R\u00f3nyain\u00e9 Mayer Piroska \u00e9s Moln\u00e1rn\u00e9 Szentmih\u00e1lyi Brigitta) koordin\u00e1l\u00e1s\u00e1val a 4. oszt\u00e1lyos tanul\u00f3k mes\u00e9t olvastak reggel az als\u00f3 tagozatos oszt\u00e1lyokban, a d\u00e9lel\u0151tti sz\u00fcnetben az iskolar\u00e1di\u00f3ban hallgathatt\u00e1k az iskola tanul\u00f3i \u00e9s pedag\u00f3gusai, majd d\u00e9lut\u00e1n a mes\u00e9ket felolvast\u00e1k az \u00f3vod\u00e1s gyerekeknek is.<\/p>\n","protected":false},"excerpt":{"rendered":"<p>Id\u00e9n szeptember 30-\u00e1n ism\u00e9t megrendez\u00e9sre ker\u00fclt a N\u00e9pmese Napja, amelyet Benedek Elek, a nagy mese\u00edr\u00f3 \u00e9s mesegy\u0171jt\u0151 sz\u00fclet\u00e9s\u00e9nek \u00e9vfordul\u00f3j\u00e1n tartottunk. A felk\u00e9sz\u00edt\u0151k (R\u00f3nyain\u00e9 Mayer Piroska \u00e9s Moln\u00e1rn\u00e9 Szentmih\u00e1lyi Brigitta) koordin\u00e1l\u00e1s\u00e1val a 4. oszt\u00e1lyos tanul\u00f3k mes\u00e9t olvastak reggel az als\u00f3 tagozatos oszt\u00e1lyokban, a d\u00e9lel\u0151tti sz\u00fcnetben az iskolar\u00e1di\u00f3ban hallgathatt\u00e1k az iskola tanul\u00f3i \u00e9s pedag\u00f3gusai, majd d\u00e9lut\u00e1n a [&hellip;]<\/p>\n","protected":false},"author":1,"featured_media":0,"comment_status":"open","ping_status":"open","sticky":false,"template":"","format":"standard","meta":{"footnotes":""},"categories":[20],"tags":[],"class_list":["post-202","post","type-post","status-publish","format-standard","hentry","category-konyvtar-archiv"],"brizy_media":[],"_links":{"self":[{"href":"https:\/\/ikmk.hu\/archiv\/wp-json\/wp\/v2\/posts\/202","targetHints":{"allow":["GET"]}}],"collection":[{"href":"https:\/\/ikmk.hu\/archiv\/wp-json\/wp\/v2\/posts"}],"about":[{"href":"https:\/\/ikmk.hu\/archiv\/wp-json\/wp\/v2\/types\/post"}],"author":[{"embeddable":true,"href":"https:\/\/ikmk.hu\/archiv\/wp-json\/wp\/v2\/users\/1"}],"replies":[{"embeddable":true,"href":"https:\/\/ikmk.hu\/archiv\/wp-json\/wp\/v2\/comments?post=202"}],"version-history":[{"count":1,"href":"https:\/\/ikmk.hu\/archiv\/wp-json\/wp\/v2\/posts\/202\/revisions"}],"predecessor-version":[{"id":203,"href":"https:\/\/ikmk.hu\/archiv\/wp-json\/wp\/v2\/posts\/202\/revisions\/203"}],"wp:attachment":[{"href":"https:\/\/ikmk.hu\/archiv\/wp-json\/wp\/v2\/media?parent=202"}],"wp:term":[{"taxonomy":"category","embeddable":true,"href":"https:\/\/ikmk.hu\/archiv\/wp-json\/wp\/v2\/categories?post=202"},{"taxonomy":"post_tag","embeddable":true,"href":"https:\/\/ikmk.hu\/archiv\/wp-json\/wp\/v2\/tags?post=202"}],"curies":[{"name":"wp","href":"https:\/\/api.w.org\/{rel}","templated":true}]}}