{"id":204,"date":"2016-10-07T09:55:45","date_gmt":"2016-10-07T09:55:45","guid":{"rendered":"https:\/\/ikmk.hu\/archiv\/?p=204"},"modified":"2018-04-14T05:31:49","modified_gmt":"2018-04-14T05:31:49","slug":"orszagos-konyvtari-napok-iro-olvaso-talalkozo-bosnyak-viktoriaval-2016-10-07-13-30","status":"publish","type":"post","link":"https:\/\/ikmk.hu\/archiv\/konyvtari-hirek\/konyvtar-archiv\/orszagos-konyvtari-napok-iro-olvaso-talalkozo-bosnyak-viktoriaval-2016-10-07-13-30\/","title":{"rendered":"Orsz\u00e1gos K\u00f6nyvt\u00e1ri Napok \u00cdr\u00f3-olvas\u00f3 tal\u00e1lkoz\u00f3 Bosny\u00e1k Vikt\u00f3ri\u00e1val 2016.10.07. 13.30"},"content":{"rendered":"<p>Az Orsz\u00e1gos K\u00f6nyvt\u00e1ri Napok keret\u00e9ben 2016. okt\u00f3ber 7-\u00e9n megh\u00edv\u00e1sunkra Bosny\u00e1k Vikt\u00f3ria ism\u00e9t ell\u00e1togatott hozz\u00e1nk.     <\/p>\n<p>Nem volt ismeretlen az \u00edr\u00f3n\u0151 a di\u00e1kok sz\u00e1m\u00e1ra. M\u0171ford\u00edt\u00e1sok mellet gyermek- \u00e9s az ifj\u00fas\u00e1gi k\u00f6nyveket \u00edr, melyek k\u00f6z\u00fcl j\u00f3 n\u00e9h\u00e1nyat \u00e9vr\u0151l-\u00e9vre aj\u00e1nlott olvasm\u00e1nyk\u00e9nt olvasnak a 3. 4. oszt\u00e1lyos tanul\u00f3k. A rendezv\u00e9ny igaz\u00e1n nekik, a 8-11 \u00e9ves koroszt\u00e1lynak sz\u00f3lt, de kisebbek, nagyobbak \u00e9s feln\u0151ttek is egyar\u00e1nt \u00e9lvezt\u00e9k.     <\/p>\n<p>Nagyon j\u00f3l \u00e9rezt\u00fck magunkat!  Sokat nevett\u00fcnk! J\u00f3l sz\u00f3rakoztunk! Sok mindent megtudtam!- mondt\u00e1k a gyerekek a tal\u00e1lkoz\u00f3 ut\u00e1n. Nem csoda, hiszen az \u00edr\u00f3n\u0151 figyelmet ford\u00edtott arra, hogy v\u00e1ltozatos, interakt\u00edv \u00e9s j\u00e1t\u00e9kos form\u00e1ban lek\u00f6sse hallgat\u00f3it. Hallhattunk arr\u00f3l, hogy hogyan is sz\u00fclettek meg a k\u00f6nyvei, ki vagy mi inspir\u00e1lta, ihlette t\u00f6rt\u00e9neteit. A \u201eT\u00fcnd\u00e9rboszork\u00e1ny\u201d c. reg\u00e9ny\u00e9b\u0151l k\u00e9sz\u00fclt filmet is megn\u00e9zt\u00fck, melynek \u00e9rdekess\u00e9ge, hogy egy budapesti \u00e1ltal\u00e1nos iskola 5. oszt\u00e1lyos tanul\u00f3i k\u00e9sz\u00edtett\u00e9k. Megismerkedhett\u00fcnk Klott Gaty\u00e1val, Analfa csapat\u00e1val, \u00e9s el\u00e1rult titkokat a sorozat folytat\u00e1s\u00e1ban megjelen\u0151 \u201eElk\u00e9peszt\u0151\u201d t\u00f6rt\u00e9net(ek)r\u0151l is.     <\/p>\n<p>A rendezv\u00e9ny sor\u00e1n k\u00e9rd\u00e9sekre v\u00e1laszolt, a v\u00e9g\u00e9n n\u00e9vre sz\u00f3l\u00f3an dedik\u00e1lta k\u00f6nyveit olvas\u00f3inak. Minden r\u00e9sztvev\u0151t megaj\u00e1nd\u00e9kozott egy autogramos k\u00f6nyvjelz\u0151vel.     <\/p>\n<p>K\u00f6nyvt\u00e1runkban, a leg\u00fajabbak kiv\u00e9tel, az \u00f6sszes m\u0171ve el\u00e9rhet\u0151 \u00e9s k\u00f6lcs\u00f6n\u00f6zhet\u0151. Piciknek sz\u00f3l\u00f3 k\u00f6nyve pl. a  \u201ePuszedli \u00e9s Habcs\u00f3k\u201d. Nagyobbaknak a \u201eNyelvkincst\u00e1r\u201d-sorozat 5 k\u00f6nyve: a \u201eSir\u00e1ly a kir\u00e1ly\u201d, az \u201eEzt nevezem!\u201d, \u201eElek, merre keresselek?\u201d, \u201eAmikor kivir\u00e1gzott a f\u00e1nk a f\u00e1nk\u201d, \u201eK\u00e9t bolond sz\u00e1zat csin\u00e1l\u201d, valamint a \u201eT\u00fcnd\u00e9rboszork\u00e1ny-tril\u00f3gia\u201d k\u00f6tetei \u00e9s ennek valamilyen szinten folytat\u00e1sa az \u201eElk\u00e9peszt\u0151\u201d c, m\u0171, az Apoll\u00f3 Akad\u00e9mia sorozat 1. k\u00f6tete.    <\/p>\n<p>\u201e\u00cdr\u00f3k\u00f6zelb\u0151l\u201d megismerkedni kort\u00e1rs k\u00f6nyvekkel nagyszer\u0171 lehet\u0151s\u00e9ge annak. hogy az olvas\u00e1s szerethet\u0151bb\u00e9, hasznos id\u0151t\u00f6lt\u00e9ss\u00e9 v\u00e1ljon! K\u00f6zelebb ker\u00fclhet ez\u00e1ltal a k\u00f6nyv az olvas\u00f3hoz.     <\/p>\n<p>R\u00f3nyain\u00e9 Mayer Piroska<br \/>\nk\u00f6nyvt\u00e1ros<\/p>\n","protected":false},"excerpt":{"rendered":"<p>Az Orsz\u00e1gos K\u00f6nyvt\u00e1ri Napok keret\u00e9ben 2016. okt\u00f3ber 7-\u00e9n megh\u00edv\u00e1sunkra Bosny\u00e1k Vikt\u00f3ria ism\u00e9t ell\u00e1togatott hozz\u00e1nk. Nem volt ismeretlen az \u00edr\u00f3n\u0151 a di\u00e1kok sz\u00e1m\u00e1ra. M\u0171ford\u00edt\u00e1sok mellet gyermek- \u00e9s az ifj\u00fas\u00e1gi k\u00f6nyveket \u00edr, melyek k\u00f6z\u00fcl j\u00f3 n\u00e9h\u00e1nyat \u00e9vr\u0151l-\u00e9vre aj\u00e1nlott olvasm\u00e1nyk\u00e9nt olvasnak a 3. 4. oszt\u00e1lyos tanul\u00f3k. A rendezv\u00e9ny igaz\u00e1n nekik, a 8-11 \u00e9ves koroszt\u00e1lynak sz\u00f3lt, de kisebbek, nagyobbak [&hellip;]<\/p>\n","protected":false},"author":1,"featured_media":0,"comment_status":"open","ping_status":"open","sticky":false,"template":"","format":"standard","meta":{"footnotes":""},"categories":[20],"tags":[],"class_list":["post-204","post","type-post","status-publish","format-standard","hentry","category-konyvtar-archiv"],"brizy_media":[],"_links":{"self":[{"href":"https:\/\/ikmk.hu\/archiv\/wp-json\/wp\/v2\/posts\/204","targetHints":{"allow":["GET"]}}],"collection":[{"href":"https:\/\/ikmk.hu\/archiv\/wp-json\/wp\/v2\/posts"}],"about":[{"href":"https:\/\/ikmk.hu\/archiv\/wp-json\/wp\/v2\/types\/post"}],"author":[{"embeddable":true,"href":"https:\/\/ikmk.hu\/archiv\/wp-json\/wp\/v2\/users\/1"}],"replies":[{"embeddable":true,"href":"https:\/\/ikmk.hu\/archiv\/wp-json\/wp\/v2\/comments?post=204"}],"version-history":[{"count":1,"href":"https:\/\/ikmk.hu\/archiv\/wp-json\/wp\/v2\/posts\/204\/revisions"}],"predecessor-version":[{"id":205,"href":"https:\/\/ikmk.hu\/archiv\/wp-json\/wp\/v2\/posts\/204\/revisions\/205"}],"wp:attachment":[{"href":"https:\/\/ikmk.hu\/archiv\/wp-json\/wp\/v2\/media?parent=204"}],"wp:term":[{"taxonomy":"category","embeddable":true,"href":"https:\/\/ikmk.hu\/archiv\/wp-json\/wp\/v2\/categories?post=204"},{"taxonomy":"post_tag","embeddable":true,"href":"https:\/\/ikmk.hu\/archiv\/wp-json\/wp\/v2\/tags?post=204"}],"curies":[{"name":"wp","href":"https:\/\/api.w.org\/{rel}","templated":true}]}}