{"id":224,"date":"2017-10-05T10:22:45","date_gmt":"2017-10-05T10:22:45","guid":{"rendered":"https:\/\/ikmk.hu\/archiv\/?p=224"},"modified":"2018-04-14T05:34:01","modified_gmt":"2018-04-14T05:34:01","slug":"orszagos-konyvtari-napok-rejtozkodo-termeszet-vizes-elohelyek-ivancsan-vendegunk-paczai-tamas-fotomuvesz-2017-10-05-14-h","status":"publish","type":"post","link":"https:\/\/ikmk.hu\/archiv\/konyvtari-hirek\/konyvtar-archiv\/orszagos-konyvtari-napok-rejtozkodo-termeszet-vizes-elohelyek-ivancsan-vendegunk-paczai-tamas-fotomuvesz-2017-10-05-14-h\/","title":{"rendered":"Orsz\u00e1gos K\u00f6nyvt\u00e1ri Napok &#8212; Rejt\u0151zk\u00f6d\u0151 term\u00e9szet &#8211; vizes \u00e9l\u0151helyek Iv\u00e1ncs\u00e1n &#8211; vend\u00e9g\u00fcnk: P\u00e1czai Tam\u00e1s fot\u00f3m\u0171v\u00e9sz &#8211; 2017.10.05. 14 h"},"content":{"rendered":"<p>Az Orsz\u00e1gos K\u00f6nyvt\u00e1ri Napok rendezv\u00e9nysorozata keret\u00e9ben Rejt\u0151zk\u00f6d\u0151 term\u00e9szet &#8211; vizes \u00e9l\u0151helyek Iv\u00e1ncs\u00e1n c\u00edmmel P\u00e1czai Tam\u00e1s fot\u00f3m\u0171v\u00e9sz l\u00e1togatott el a k\u00f6nyvt\u00e1rba. El\u0151ad\u00e1s\u00e1n a fels\u0151 tagozatosok \u00e9s feln\u0151tt \u00e9rdekl\u0151d\u0151k vettek r\u00e9szt, r\u00e1csod\u00e1lkozva az ismer\u0151s t\u00e1jra, felfedezve annak \u00e9rdekess\u00e9geit. <\/p>\n<p><a href=\"http:\/\/iskola.ivancsa.hu\/fotoea.htm\" rel=\"noopener\" target=\"_blank\">K\u00e9pek<\/a><\/p>\n","protected":false},"excerpt":{"rendered":"<p>Az Orsz\u00e1gos K\u00f6nyvt\u00e1ri Napok rendezv\u00e9nysorozata keret\u00e9ben Rejt\u0151zk\u00f6d\u0151 term\u00e9szet &#8211; vizes \u00e9l\u0151helyek Iv\u00e1ncs\u00e1n c\u00edmmel P\u00e1czai Tam\u00e1s fot\u00f3m\u0171v\u00e9sz l\u00e1togatott el a k\u00f6nyvt\u00e1rba. El\u0151ad\u00e1s\u00e1n a fels\u0151 tagozatosok \u00e9s feln\u0151tt \u00e9rdekl\u0151d\u0151k vettek r\u00e9szt, r\u00e1csod\u00e1lkozva az ismer\u0151s t\u00e1jra, felfedezve annak \u00e9rdekess\u00e9geit. K\u00e9pek<\/p>\n","protected":false},"author":1,"featured_media":0,"comment_status":"open","ping_status":"open","sticky":false,"template":"","format":"standard","meta":{"footnotes":""},"categories":[20],"tags":[],"class_list":["post-224","post","type-post","status-publish","format-standard","hentry","category-konyvtar-archiv"],"brizy_media":[],"_links":{"self":[{"href":"https:\/\/ikmk.hu\/archiv\/wp-json\/wp\/v2\/posts\/224","targetHints":{"allow":["GET"]}}],"collection":[{"href":"https:\/\/ikmk.hu\/archiv\/wp-json\/wp\/v2\/posts"}],"about":[{"href":"https:\/\/ikmk.hu\/archiv\/wp-json\/wp\/v2\/types\/post"}],"author":[{"embeddable":true,"href":"https:\/\/ikmk.hu\/archiv\/wp-json\/wp\/v2\/users\/1"}],"replies":[{"embeddable":true,"href":"https:\/\/ikmk.hu\/archiv\/wp-json\/wp\/v2\/comments?post=224"}],"version-history":[{"count":1,"href":"https:\/\/ikmk.hu\/archiv\/wp-json\/wp\/v2\/posts\/224\/revisions"}],"predecessor-version":[{"id":225,"href":"https:\/\/ikmk.hu\/archiv\/wp-json\/wp\/v2\/posts\/224\/revisions\/225"}],"wp:attachment":[{"href":"https:\/\/ikmk.hu\/archiv\/wp-json\/wp\/v2\/media?parent=224"}],"wp:term":[{"taxonomy":"category","embeddable":true,"href":"https:\/\/ikmk.hu\/archiv\/wp-json\/wp\/v2\/categories?post=224"},{"taxonomy":"post_tag","embeddable":true,"href":"https:\/\/ikmk.hu\/archiv\/wp-json\/wp\/v2\/tags?post=224"}],"curies":[{"name":"wp","href":"https:\/\/api.w.org\/{rel}","templated":true}]}}