{"id":226,"date":"2017-10-10T10:24:59","date_gmt":"2017-10-10T10:24:59","guid":{"rendered":"https:\/\/ikmk.hu\/archiv\/?p=226"},"modified":"2018-04-14T05:33:54","modified_gmt":"2018-04-14T05:33:54","slug":"iro-olvaso-talalkozo-vendegunk-kovacs-attila-holden-rose-iro-2017-10-10-9-h-10h-11h","status":"publish","type":"post","link":"https:\/\/ikmk.hu\/archiv\/konyvtari-hirek\/konyvtar-archiv\/iro-olvaso-talalkozo-vendegunk-kovacs-attila-holden-rose-iro-2017-10-10-9-h-10h-11h\/","title":{"rendered":"\u00cdr\u00f3-olvas\u00f3 tal\u00e1lkoz\u00f3 &#8211; Vend\u00e9g\u00fcnk Kov\u00e1cs Attila \/Holden Rose\/ \u00edr\u00f3 &#8211; 2017.10.10. 9 h-10h-11h"},"content":{"rendered":"<p>\u00cdr\u00f3-olvas\u00f3 tal\u00e1lkoz\u00f3n vettek r\u00e9szt 3-4-5. oszt\u00e1lyos di\u00e1kjaink. A k\u00f6nyvt\u00e1rba l\u00e1togatott Kov\u00e1cs Attila (Holden Rose) \u00edr\u00f3, aki orsz\u00e1gj\u00e1r\u00f3 k\u00f6r\u00fatj\u00e1n Iv\u00e1ncs\u00e1ra is meg\u00e9rkezett. Gyermekk\u00f6nyvei n\u00e9pszer\u0171s\u00e9g\u00e9t k\u00f6zvetlen hangv\u00e9tel\u00e9nek k\u00f6sz\u00f6nheti. K\u00f6z\u00f6ns\u00e9g\u00e9vel gyorsan egy h\u00faron pend\u00fclt, k\u00f6nyveinek szerepl\u0151i megelevenedtek. A hallgat\u00f3s\u00e1g m\u00e9g a kulissz\u00e1k m\u00f6g\u00e9 is bekukkanthatott, a t\u00f6rt\u00e9netek l\u00e9trej\u00f6tt\u00e9nek egyes r\u00e9szleteit is megtudhatt\u00e1k. A vid\u00e1m d\u00e9lel\u0151tt gyorsan v\u00e9get \u00e9rt, de az \u00edr\u00f3 Facebook-oldal\u00e1r\u00f3l megtudhattuk, hogy \u0151 is j\u00f3l \u00e9rezte n\u00e1lunk mag\u00e1t.  <\/p>\n<p><a href=\"http:\/\/iskola.ivancsa.hu\/iroolv17.htm\" rel=\"noopener\" target=\"_blank\">K\u00e9pek<\/a><\/p>\n","protected":false},"excerpt":{"rendered":"<p>\u00cdr\u00f3-olvas\u00f3 tal\u00e1lkoz\u00f3n vettek r\u00e9szt 3-4-5. oszt\u00e1lyos di\u00e1kjaink. A k\u00f6nyvt\u00e1rba l\u00e1togatott Kov\u00e1cs Attila (Holden Rose) \u00edr\u00f3, aki orsz\u00e1gj\u00e1r\u00f3 k\u00f6r\u00fatj\u00e1n Iv\u00e1ncs\u00e1ra is meg\u00e9rkezett. Gyermekk\u00f6nyvei n\u00e9pszer\u0171s\u00e9g\u00e9t k\u00f6zvetlen hangv\u00e9tel\u00e9nek k\u00f6sz\u00f6nheti. K\u00f6z\u00f6ns\u00e9g\u00e9vel gyorsan egy h\u00faron pend\u00fclt, k\u00f6nyveinek szerepl\u0151i megelevenedtek. A hallgat\u00f3s\u00e1g m\u00e9g a kulissz\u00e1k m\u00f6g\u00e9 is bekukkanthatott, a t\u00f6rt\u00e9netek l\u00e9trej\u00f6tt\u00e9nek egyes r\u00e9szleteit is megtudhatt\u00e1k. A vid\u00e1m d\u00e9lel\u0151tt gyorsan v\u00e9get \u00e9rt, [&hellip;]<\/p>\n","protected":false},"author":1,"featured_media":0,"comment_status":"open","ping_status":"open","sticky":false,"template":"","format":"link","meta":{"footnotes":""},"categories":[20],"tags":[],"class_list":["post-226","post","type-post","status-publish","format-link","hentry","category-konyvtar-archiv","post_format-post-format-link"],"brizy_media":[],"_links":{"self":[{"href":"https:\/\/ikmk.hu\/archiv\/wp-json\/wp\/v2\/posts\/226","targetHints":{"allow":["GET"]}}],"collection":[{"href":"https:\/\/ikmk.hu\/archiv\/wp-json\/wp\/v2\/posts"}],"about":[{"href":"https:\/\/ikmk.hu\/archiv\/wp-json\/wp\/v2\/types\/post"}],"author":[{"embeddable":true,"href":"https:\/\/ikmk.hu\/archiv\/wp-json\/wp\/v2\/users\/1"}],"replies":[{"embeddable":true,"href":"https:\/\/ikmk.hu\/archiv\/wp-json\/wp\/v2\/comments?post=226"}],"version-history":[{"count":1,"href":"https:\/\/ikmk.hu\/archiv\/wp-json\/wp\/v2\/posts\/226\/revisions"}],"predecessor-version":[{"id":227,"href":"https:\/\/ikmk.hu\/archiv\/wp-json\/wp\/v2\/posts\/226\/revisions\/227"}],"wp:attachment":[{"href":"https:\/\/ikmk.hu\/archiv\/wp-json\/wp\/v2\/media?parent=226"}],"wp:term":[{"taxonomy":"category","embeddable":true,"href":"https:\/\/ikmk.hu\/archiv\/wp-json\/wp\/v2\/categories?post=226"},{"taxonomy":"post_tag","embeddable":true,"href":"https:\/\/ikmk.hu\/archiv\/wp-json\/wp\/v2\/tags?post=226"}],"curies":[{"name":"wp","href":"https:\/\/api.w.org\/{rel}","templated":true}]}}