{"id":2854,"date":"2020-03-12T08:35:19","date_gmt":"2020-03-12T08:35:19","guid":{"rendered":"https:\/\/ikmk.hu\/archiv\/?p=2854"},"modified":"2020-06-05T09:28:17","modified_gmt":"2020-06-05T09:28:17","slug":"zarva-tartas","status":"publish","type":"post","link":"https:\/\/ikmk.hu\/archiv\/faluhaz-archiv\/zarva-tartas\/","title":{"rendered":"Z\u00e1rva tart\u00e1s"},"content":{"rendered":"<p><a href=\"https:\/\/ikmk.hu\/archiv\/wp-content\/uploads\/2020\/03\/kozlemeny.jpg\"><img loading=\"lazy\" decoding=\"async\" class=\"aligncenter size-full wp-image-2855\" src=\"https:\/\/ikmk.hu\/archiv\/wp-content\/uploads\/2020\/03\/kozlemeny.jpg\" alt=\"\" width=\"1920\" height=\"1080\" srcset=\"https:\/\/ikmk.hu\/archiv\/wp-content\/uploads\/2020\/03\/kozlemeny.jpg 1920w, https:\/\/ikmk.hu\/archiv\/wp-content\/uploads\/2020\/03\/kozlemeny-300x169.jpg 300w, https:\/\/ikmk.hu\/archiv\/wp-content\/uploads\/2020\/03\/kozlemeny-768x432.jpg 768w, https:\/\/ikmk.hu\/archiv\/wp-content\/uploads\/2020\/03\/kozlemeny-1024x576.jpg 1024w\" sizes=\"auto, (max-width: 1920px) 100vw, 1920px\" \/><\/a><\/p>\n<div class=\"_xlr\">\n<div id=\"id_5e69f371ac0236c47608079\" class=\"text_exposed_root text_exposed\"><strong>Az al\u00e1bbi k\u00f6zlem\u00e9ny az Iv\u00e1ncsai Faluh\u00e1zban m\u0171k\u00f6d\u0151 \u00f6sszes m\u0171v\u00e9szeti csoport \u00e9s civil szervezet munk\u00e1j\u00e1t is \u00e9rinti! A Faluh\u00e1z 2020. \u00e1prilis 6-ig z\u00e1rva tart!<\/strong><\/div>\n<div><\/div>\n<div class=\"text_exposed_root text_exposed\">Tisztelt Iv\u00e1ncsai Lakosok!<\/div>\n<div id=\"id_5e69f371ac0236c47608079\" class=\"text_exposed_root text_exposed\">A mai napon egyeztet\u00e9st folytattam a gyermek \u00e9s feln\u0151tt h\u00e1ziorvossal, valamint a v\u00e9d\u0151n\u0151vel. A megbesz\u00e9l\u00e9s k\u00f6vet\u0151en az a d\u00f6nt\u00e9s sz\u00fcletett, hogy valamennyi, az Iv\u00e1ncsai Faluh\u00e1zban tartand\u00f3 csoportos rendezv\u00e9nyt t\u00f6r\u00f6lj\u00fck. Ez a m\u00e1rcius 15-ei \u00fcnneps\u00e9gre is vonatkozik. Az int\u00e9zked\u00e9s ebben a h\u00f3napban biztosan, de sz\u00fcks\u00e9g eset\u00e9n meghosszabb\u00edtva is \u00e9rv\u00e9nyben marad.<br \/>\nSzeretn\u00e9m han<span class=\"text_exposed_show\">gs\u00falyozni, hogy a telep\u00fcl\u00e9sen a koronav\u00edrus fert\u0151z\u00e9snek m\u00e9g a gyan\u00faja sem mer\u00fclt fel, de mindenk\u00e9ppen egyet\u00e9rtek az eg\u00e9szs\u00e9g\u00fcgyi dolgoz\u00f3inkkal abban, hogy mindent meg kell tenn\u00fcnk az\u00e9rt, hogy ez \u00edgy is maradjon. Ennek \u00e9rdek\u00e9ben tov\u00e1bbi int\u00e9zked\u00e9sk\u00e9nt a k\u00f6zint\u00e9zm\u00e9nyeket falra szerelhet\u0151 fert\u0151tlen\u00edt\u0151vel l\u00e1tjuk el, valamint min\u00e9l t\u00f6bb, egy\u00e9b fert\u0151tlen\u00edt\u0151 szert biztos\u00edtunk r\u00e9sz\u00fckre. Gyermekeink \u00e9rdek\u00e9ben a v\u00e9d\u0151n\u0151 az \u00f3vod\u00e1ban \u00e9s az iskol\u00e1ban a helyes k\u00e9zmos\u00e1s\u00e1r\u00f3l \u00e9s a fert\u0151tlen\u00edt\u00e9s fontoss\u00e1g\u00e1r\u00f3l tart bemutat\u00f3t.<br \/>\nFentieken t\u00fal mell\u00e9kelten olvashatj\u00e1k a Nemzeti N\u00e9peg\u00e9szs\u00e9g\u00fcgyi K\u00f6zpont elj\u00e1r\u00e1srendj\u00e9t a 2020.-ban azonos\u00edtott korona v\u00edrussal kapcsolatban.<\/p>\n<p><a href=\"http:\/\/xn--tosz-5qa.hu\/uploads\/hirek%20dokumentumai\/0904_001.pdf?fbclid=IwAR09ivQGn3tg3M77R3Ady1Uz5BxD6PuNOSUR1--UUtkDC_Jcxmt1kgskFx0\" target=\"_blank\" rel=\"nofollow noopener\" data-lynx-mode=\"asynclazy\" data-lynx-uri=\"https:\/\/l.facebook.com\/l.php?u=http%3A%2F%2Fxn--tosz-5qa.hu%2Fuploads%2Fhirek%2520dokumentumai%2F0904_001.pdf%3Ffbclid%3DIwAR09ivQGn3tg3M77R3Ady1Uz5BxD6PuNOSUR1--UUtkDC_Jcxmt1kgskFx0&amp;h=AT2FvG04RgUmd_kS4v30dL1BJqr0Yt9pG2i6PK-ns2b2wgvzB70NqzzYENB8xqtsVnfJa7kfWsUIr6R3bSOomvubE2vhTA-59dj1Wi4FVjU3TodbaUC-8i_KIDtn_4eQva8bRBw\">https:\/\/l.facebook.com\/<wbr \/>l.php?u=http%3A%2F%2Fxn--to<wbr \/>sz-5qa.hu%2Fuploads%2Fhire<wbr \/>k%2520dokumentumai%2F0904_<wbr \/>001.pdf%3Ffbclid%3DIwAR2HL<wbr \/>5RaHigeoh7uRA9pkpIMhoVteIu<wbr \/>7pUcCkR6pLXSNzBEBZV2ILjxO9<wbr \/>tk&amp;h=AT0KafKS0uhFEs2kE8Jbf<wbr \/>sZQPbqNraaKgtMeDqE0rz_OFM2<wbr \/>3PIRg8SiagIblKAXK6sqtI1y5N<wbr \/>5LD7_bW615WBTSPJeObNx77wYP<wbr \/>RAuwhgaa1ZPTLKTCJ6Og9Bkm_1<wbr \/>zrPgxo<\/a><\/p>\n<p>Moln\u00e1r Tibor<br \/>\npolg\u00e1rmester<\/span><\/div>\n<div id=\"fbPhotoSnowliftProductMiniListHscroll\" class=\"fbCommerceProductMiniListHscroll\"><\/div>\n<div id=\"fbPhotoSnowliftLegacyTagList\" class=\"pts fbPhotoLegacyTagList\">\n<div><\/div>\n<\/div>\n<div id=\"fbPhotoSnowliftCallToActionButton\" class=\"fbPhotosPhotoButtons\"><\/div>\n<div id=\"fbPhotoSnowliftPhotoFundraiser\"><\/div>\n<div id=\"fbPhotoSnowliftOwnerButtons\" class=\"mvm fbPhotosPhotoOwnerButtons stat_elem\"><\/div>\n<div id=\"fbPhotoSnowliftOriginalStory\" class=\"_56lj\"><\/div>\n<div id=\"fbPhotoSnowliftComputerVisionAnnotation\" class=\"fbPhotosPhotoCVAnnotation\"><\/div>\n<\/div>\n<div id=\"fbPhotoSnowliftVideoFundraiser\"><\/div>\n<div id=\"fbPhotoSnowliftViews\" class=\"_4p3v\"><\/div>\n<form id=\"u_17_2\" class=\"fbPhotosSnowliftFeedbackForm commentable_item collapsible_comments\" action=\"https:\/\/www.facebook.com\/ajax\/ufi\/modify.php\" method=\"post\" data-ft=\"{&quot;tn&quot;:&quot;]&quot;}\">\n<div id=\"fbPhotoSnowliftFeedback\" class=\"fbPhotosSnowliftFeedback\"><\/div>\n<div>\n<div>\n<div class=\"_6iib\">\n<div class=\"_6iic\">\n<div class=\"_6iid\"><\/div>\n<\/div>\n<\/div>\n<\/div>\n<\/div>\n<\/form>\n<p>&nbsp;<\/p>\n","protected":false},"excerpt":{"rendered":"<p>Az al\u00e1bbi k\u00f6zlem\u00e9ny az Iv\u00e1ncsai Faluh\u00e1zban m\u0171k\u00f6d\u0151 \u00f6sszes m\u0171v\u00e9szeti csoport \u00e9s civil szervezet munk\u00e1j\u00e1t is \u00e9rinti! A Faluh\u00e1z 2020. \u00e1prilis 6-ig z\u00e1rva tart! Tisztelt Iv\u00e1ncsai Lakosok! A mai napon egyeztet\u00e9st folytattam a gyermek \u00e9s feln\u0151tt h\u00e1ziorvossal, valamint a v\u00e9d\u0151n\u0151vel. A megbesz\u00e9l\u00e9s k\u00f6vet\u0151en az a d\u00f6nt\u00e9s sz\u00fcletett, hogy valamennyi, az Iv\u00e1ncsai Faluh\u00e1zban tartand\u00f3 csoportos rendezv\u00e9nyt t\u00f6r\u00f6lj\u00fck. [&hellip;]<\/p>\n","protected":false},"author":3,"featured_media":0,"comment_status":"closed","ping_status":"open","sticky":false,"template":"","format":"standard","meta":{"footnotes":""},"categories":[19],"tags":[],"class_list":["post-2854","post","type-post","status-publish","format-standard","hentry","category-faluhaz-archiv"],"brizy_media":[],"_links":{"self":[{"href":"https:\/\/ikmk.hu\/archiv\/wp-json\/wp\/v2\/posts\/2854","targetHints":{"allow":["GET"]}}],"collection":[{"href":"https:\/\/ikmk.hu\/archiv\/wp-json\/wp\/v2\/posts"}],"about":[{"href":"https:\/\/ikmk.hu\/archiv\/wp-json\/wp\/v2\/types\/post"}],"author":[{"embeddable":true,"href":"https:\/\/ikmk.hu\/archiv\/wp-json\/wp\/v2\/users\/3"}],"replies":[{"embeddable":true,"href":"https:\/\/ikmk.hu\/archiv\/wp-json\/wp\/v2\/comments?post=2854"}],"version-history":[{"count":1,"href":"https:\/\/ikmk.hu\/archiv\/wp-json\/wp\/v2\/posts\/2854\/revisions"}],"predecessor-version":[{"id":2856,"href":"https:\/\/ikmk.hu\/archiv\/wp-json\/wp\/v2\/posts\/2854\/revisions\/2856"}],"wp:attachment":[{"href":"https:\/\/ikmk.hu\/archiv\/wp-json\/wp\/v2\/media?parent=2854"}],"wp:term":[{"taxonomy":"category","embeddable":true,"href":"https:\/\/ikmk.hu\/archiv\/wp-json\/wp\/v2\/categories?post=2854"},{"taxonomy":"post_tag","embeddable":true,"href":"https:\/\/ikmk.hu\/archiv\/wp-json\/wp\/v2\/tags?post=2854"}],"curies":[{"name":"wp","href":"https:\/\/api.w.org\/{rel}","templated":true}]}}