{"id":3133,"date":"2020-06-24T06:40:58","date_gmt":"2020-06-24T06:40:58","guid":{"rendered":"https:\/\/ikmk.hu\/archiv\/?p=3133"},"modified":"2020-09-03T11:11:08","modified_gmt":"2020-09-03T11:11:08","slug":"tajekoztato","status":"publish","type":"post","link":"https:\/\/ikmk.hu\/archiv\/faluhaz-archiv\/tajekoztato\/","title":{"rendered":"T\u00e1j\u00e9koztat\u00f3"},"content":{"rendered":"<p><strong>Kedves L\u00e1togat\u00f3ink!<\/strong><\/p>\n<p>Az IKMK K\u00f6nyvt\u00e1ra 2020. j\u00fanius 24-t\u0151l ism\u00e9t v\u00e1rja l\u00e1togat\u00f3it, nyitvatart\u00e1si id\u0151ben. Felh\u00edvjuk figyelm\u00fcket azonban arra, hogy az al\u00e1bbi felt\u00e9telekkel lehet a k\u00f6nyvt\u00e1ri \u00e9s a DJP pont szolg\u00e1ltat\u00e1sokat ig\u00e9nybe venni:<br \/>\n&#8211; A k\u00f6nyvt\u00e1r bej\u00e1rat\u00e1n\u00e1l kihelyezett k\u00e9zfert\u0151tlen\u00edt\u0151 haszn\u00e1lata bel\u00e9p\u00e9skor k\u00f6telez\u0151!<br \/>\n&#8211; A l\u00e1togat\u00f3k sz\u00e1m\u00e1ra maszk haszn\u00e1lata k\u00f6telez\u0151!<span class=\"text_exposed_show\"><br \/>\n&#8211; A helyis\u00e9gben a k\u00f6nyvt\u00e1roson \u00e9s seg\u00edt\u0151in k\u00edv\u00fcl maximum 4 f\u0151 tart\u00f3zkodhat!<\/span><\/p>\n<div class=\"text_exposed_show\">\n<p>A fent\u00edrt szab\u00e1lyok visszavon\u00e1sig \u00e9rv\u00e9nyesek.<\/p>\n<p>A Faluh\u00e1z a vezet\u0151vel val\u00f3 egyeztetett id\u0151pontban l\u00e1togathat\u00f3!<\/p>\n<p><strong>Rudas Attila<\/strong><br \/>\n<strong>IKMK igazgat\u00f3<\/strong><\/p>\n<\/div>\n","protected":false},"excerpt":{"rendered":"<p>Kedves L\u00e1togat\u00f3ink! Az IKMK K\u00f6nyvt\u00e1ra 2020. j\u00fanius 24-t\u0151l ism\u00e9t v\u00e1rja l\u00e1togat\u00f3it, nyitvatart\u00e1si id\u0151ben. Felh\u00edvjuk figyelm\u00fcket azonban arra, hogy az al\u00e1bbi felt\u00e9telekkel lehet a k\u00f6nyvt\u00e1ri \u00e9s a DJP pont szolg\u00e1ltat\u00e1sokat ig\u00e9nybe venni: &#8211; A k\u00f6nyvt\u00e1r bej\u00e1rat\u00e1n\u00e1l kihelyezett k\u00e9zfert\u0151tlen\u00edt\u0151 haszn\u00e1lata bel\u00e9p\u00e9skor k\u00f6telez\u0151! &#8211; A l\u00e1togat\u00f3k sz\u00e1m\u00e1ra maszk haszn\u00e1lata k\u00f6telez\u0151! &#8211; A helyis\u00e9gben a k\u00f6nyvt\u00e1roson \u00e9s seg\u00edt\u0151in k\u00edv\u00fcl [&hellip;]<\/p>\n","protected":false},"author":3,"featured_media":0,"comment_status":"closed","ping_status":"open","sticky":false,"template":"","format":"standard","meta":{"footnotes":""},"categories":[19],"tags":[],"class_list":["post-3133","post","type-post","status-publish","format-standard","hentry","category-faluhaz-archiv"],"brizy_media":[],"_links":{"self":[{"href":"https:\/\/ikmk.hu\/archiv\/wp-json\/wp\/v2\/posts\/3133","targetHints":{"allow":["GET"]}}],"collection":[{"href":"https:\/\/ikmk.hu\/archiv\/wp-json\/wp\/v2\/posts"}],"about":[{"href":"https:\/\/ikmk.hu\/archiv\/wp-json\/wp\/v2\/types\/post"}],"author":[{"embeddable":true,"href":"https:\/\/ikmk.hu\/archiv\/wp-json\/wp\/v2\/users\/3"}],"replies":[{"embeddable":true,"href":"https:\/\/ikmk.hu\/archiv\/wp-json\/wp\/v2\/comments?post=3133"}],"version-history":[{"count":1,"href":"https:\/\/ikmk.hu\/archiv\/wp-json\/wp\/v2\/posts\/3133\/revisions"}],"predecessor-version":[{"id":3134,"href":"https:\/\/ikmk.hu\/archiv\/wp-json\/wp\/v2\/posts\/3133\/revisions\/3134"}],"wp:attachment":[{"href":"https:\/\/ikmk.hu\/archiv\/wp-json\/wp\/v2\/media?parent=3133"}],"wp:term":[{"taxonomy":"category","embeddable":true,"href":"https:\/\/ikmk.hu\/archiv\/wp-json\/wp\/v2\/categories?post=3133"},{"taxonomy":"post_tag","embeddable":true,"href":"https:\/\/ikmk.hu\/archiv\/wp-json\/wp\/v2\/tags?post=3133"}],"curies":[{"name":"wp","href":"https:\/\/api.w.org\/{rel}","templated":true}]}}