{"id":3983,"date":"2021-11-04T07:57:26","date_gmt":"2021-11-04T07:57:26","guid":{"rendered":"https:\/\/ikmk.hu\/archiv\/?p=3983"},"modified":"2022-03-07T13:06:44","modified_gmt":"2022-03-07T13:06:44","slug":"intezkedesek","status":"publish","type":"post","link":"https:\/\/ikmk.hu\/archiv\/faluhaz-archiv\/intezkedesek\/","title":{"rendered":"Int\u00e9zked\u00e9sek"},"content":{"rendered":"<p><strong>Tisztelt Vend\u00e9geink!<\/strong><\/p>\n<p><strong>\u00a0<\/strong><\/p>\n<p>A rendk\u00edv\u00fcli m\u00e9rt\u00e9kben megn\u00f6vekedett COVID fert\u0151z\u00e9sek miatt a 2021. 11. 03-\u00e1n tartott vezet\u0151i egyeztet\u00e9s alapj\u00e1n az al\u00e1bbiakr\u00f3l t\u00e1j\u00e9koztatom \u00d6n\u00f6ket:<\/p>\n<p>&#8211; A <strong>K\u00f6nyvt\u00e1r<\/strong> a feln\u0151tt l\u00e1togat\u00f3k sz\u00e1m\u00e1ra \u00e1tmenetileg z\u00e1rva tart!<\/p>\n<p>&#8211; On-line, illetve telefonon t\u00f6rt\u00e9n\u0151 t\u00e1j\u00e9koztat\u00e1s tov\u00e1bbra is el\u00e9rhet\u0151!<\/p>\n<p>&#8211; Dokumentumok visszahozatala \u00e9s k\u00f6lcs\u00f6nz\u00e9se: el\u0151re egyeztetett id\u0151pontban az \u00e9p\u00fclet el\u0151tt \u00e1tv\u00e9telre, ill. \u00e1tad\u00e1sra ker\u00fclnek!<\/p>\n<p>&#8211; az iskol\u00e1ban tanul\u00f3 gyermekek el\u0151tt a K\u00f6nyvt\u00e1r nyitva tart, de a helyis\u00e9gben maximum 3 tanul\u00f3 tart\u00f3zkodhat! A bel\u00e9p\u00e9s felt\u00e9tele: maszkhaszn\u00e1lat, k\u00e9zfert\u0151tlen\u00edt\u00e9s!<\/p>\n<p>&#8211; a <strong>Faluh\u00e1zba<\/strong> t\u00f6rt\u00e9n\u0151 bel\u00e9p\u00e9s mindenki sz\u00e1m\u00e1ra k\u00f6telez\u0151 maszkhaszn\u00e1lattal \u00e9s k\u00e9zfert\u0151tlen\u00edt\u00e9ssel lehets\u00e9ges!<\/p>\n<p>&#8211; a foglalkoz\u00e1sok alatt a maszkot le lehet venni, azonban minden csoportvezet\u0151nek biztos\u00edtania kell a m\u00e1sf\u00e9l m\u00e9teres t\u00e1vols\u00e1got!<\/p>\n<p>&#8211; a <strong>Helyt\u00f6rt\u00e9neti Gy\u0171jtem\u00e9ny<\/strong> el\u0151zetes bejelentkez\u00e9s alapj\u00e1n l\u00e1togathat\u00f3! A helyis\u00e9gben a k\u00e9zfert\u0151tlen\u00edt\u00e9s \u00e9s a maszkhaszn\u00e1lat k\u00f6telez\u0151!<\/p>\n<p><strong>Az int\u00e9zked\u00e9sek visszavon\u00e1sig \u00e9rv\u00e9nyben maradnak!<\/strong><\/p>\n<p>&nbsp;<\/p>\n<p><strong>\u00a0<\/strong><\/p>\n<p><strong>Iv\u00e1ncsa, 2021. 11. 04.<\/strong><\/p>\n<p>&nbsp;<\/p>\n<p><strong>Meg\u00e9rt\u00e9s\u00fcket k\u00f6sz\u00f6nj\u00fcnk!<\/strong><\/p>\n<p><strong>\u00a0<\/strong><\/p>\n<p><strong>\u00a0\u00a0\u00a0\u00a0\u00a0\u00a0\u00a0\u00a0\u00a0\u00a0\u00a0\u00a0\u00a0\u00a0\u00a0\u00a0\u00a0\u00a0\u00a0\u00a0\u00a0\u00a0\u00a0\u00a0\u00a0\u00a0\u00a0\u00a0\u00a0\u00a0\u00a0\u00a0\u00a0\u00a0\u00a0\u00a0\u00a0\u00a0\u00a0\u00a0\u00a0\u00a0\u00a0\u00a0\u00a0\u00a0\u00a0\u00a0\u00a0\u00a0\u00a0\u00a0\u00a0\u00a0\u00a0\u00a0\u00a0\u00a0\u00a0\u00a0\u00a0\u00a0\u00a0\u00a0\u00a0\u00a0\u00a0\u00a0\u00a0\u00a0\u00a0\u00a0\u00a0\u00a0\u00a0\u00a0\u00a0\u00a0\u00a0\u00a0\u00a0\u00a0\u00a0\u00a0 Rudas Attila<\/strong><\/p>\n<p><strong>\u00a0\u00a0\u00a0\u00a0\u00a0\u00a0\u00a0\u00a0\u00a0\u00a0\u00a0\u00a0\u00a0\u00a0\u00a0\u00a0\u00a0\u00a0\u00a0\u00a0\u00a0\u00a0\u00a0\u00a0\u00a0\u00a0\u00a0\u00a0\u00a0\u00a0\u00a0\u00a0\u00a0\u00a0\u00a0\u00a0\u00a0\u00a0\u00a0\u00a0\u00a0\u00a0\u00a0\u00a0\u00a0\u00a0\u00a0\u00a0\u00a0\u00a0\u00a0\u00a0\u00a0\u00a0\u00a0\u00a0\u00a0\u00a0\u00a0\u00a0\u00a0\u00a0\u00a0\u00a0\u00a0\u00a0\u00a0\u00a0\u00a0\u00a0\u00a0\u00a0\u00a0\u00a0 \u00a0\u00a0\u00a0\u00a0\u00a0\u00a0\u00a0\u00a0 IKMK igazgat\u00f3<\/strong><\/p>\n","protected":false},"excerpt":{"rendered":"<p>Tisztelt Vend\u00e9geink! \u00a0 A rendk\u00edv\u00fcli m\u00e9rt\u00e9kben megn\u00f6vekedett COVID fert\u0151z\u00e9sek miatt a 2021. 11. 03-\u00e1n tartott vezet\u0151i egyeztet\u00e9s alapj\u00e1n az al\u00e1bbiakr\u00f3l t\u00e1j\u00e9koztatom \u00d6n\u00f6ket: &#8211; A K\u00f6nyvt\u00e1r a feln\u0151tt l\u00e1togat\u00f3k sz\u00e1m\u00e1ra \u00e1tmenetileg z\u00e1rva tart! &#8211; On-line, illetve telefonon t\u00f6rt\u00e9n\u0151 t\u00e1j\u00e9koztat\u00e1s tov\u00e1bbra is el\u00e9rhet\u0151! &#8211; Dokumentumok visszahozatala \u00e9s k\u00f6lcs\u00f6nz\u00e9se: el\u0151re egyeztetett id\u0151pontban az \u00e9p\u00fclet el\u0151tt \u00e1tv\u00e9telre, ill. \u00e1tad\u00e1sra [&hellip;]<\/p>\n","protected":false},"author":3,"featured_media":0,"comment_status":"closed","ping_status":"open","sticky":false,"template":"","format":"standard","meta":{"footnotes":""},"categories":[19],"tags":[],"class_list":["post-3983","post","type-post","status-publish","format-standard","hentry","category-faluhaz-archiv"],"brizy_media":[],"_links":{"self":[{"href":"https:\/\/ikmk.hu\/archiv\/wp-json\/wp\/v2\/posts\/3983","targetHints":{"allow":["GET"]}}],"collection":[{"href":"https:\/\/ikmk.hu\/archiv\/wp-json\/wp\/v2\/posts"}],"about":[{"href":"https:\/\/ikmk.hu\/archiv\/wp-json\/wp\/v2\/types\/post"}],"author":[{"embeddable":true,"href":"https:\/\/ikmk.hu\/archiv\/wp-json\/wp\/v2\/users\/3"}],"replies":[{"embeddable":true,"href":"https:\/\/ikmk.hu\/archiv\/wp-json\/wp\/v2\/comments?post=3983"}],"version-history":[{"count":1,"href":"https:\/\/ikmk.hu\/archiv\/wp-json\/wp\/v2\/posts\/3983\/revisions"}],"predecessor-version":[{"id":3984,"href":"https:\/\/ikmk.hu\/archiv\/wp-json\/wp\/v2\/posts\/3983\/revisions\/3984"}],"wp:attachment":[{"href":"https:\/\/ikmk.hu\/archiv\/wp-json\/wp\/v2\/media?parent=3983"}],"wp:term":[{"taxonomy":"category","embeddable":true,"href":"https:\/\/ikmk.hu\/archiv\/wp-json\/wp\/v2\/categories?post=3983"},{"taxonomy":"post_tag","embeddable":true,"href":"https:\/\/ikmk.hu\/archiv\/wp-json\/wp\/v2\/tags?post=3983"}],"curies":[{"name":"wp","href":"https:\/\/api.w.org\/{rel}","templated":true}]}}