{"id":4446,"date":"2022-11-21T11:46:18","date_gmt":"2022-11-21T11:46:18","guid":{"rendered":"https:\/\/ikmk.hu\/archiv\/?p=4446"},"modified":"2022-11-21T11:46:18","modified_gmt":"2022-11-21T11:46:18","slug":"angol-nyelvtanfolyam","status":"publish","type":"post","link":"https:\/\/ikmk.hu\/archiv\/ivancsai-faluhaz\/angol-nyelvtanfolyam\/","title":{"rendered":"Angol nyelvtanfolyam"},"content":{"rendered":"<p><a href=\"https:\/\/ikmk.hu\/archiv\/wp-content\/uploads\/2022\/11\/315946410_440797018235678_3254975641846651353_n.jpg\"><img loading=\"lazy\" decoding=\"async\" class=\"aligncenter size-full wp-image-4448\" src=\"https:\/\/ikmk.hu\/archiv\/wp-content\/uploads\/2022\/11\/315946410_440797018235678_3254975641846651353_n.jpg\" alt=\"\" width=\"965\" height=\"455\" srcset=\"https:\/\/ikmk.hu\/archiv\/wp-content\/uploads\/2022\/11\/315946410_440797018235678_3254975641846651353_n.jpg 965w, https:\/\/ikmk.hu\/archiv\/wp-content\/uploads\/2022\/11\/315946410_440797018235678_3254975641846651353_n-300x141.jpg 300w, https:\/\/ikmk.hu\/archiv\/wp-content\/uploads\/2022\/11\/315946410_440797018235678_3254975641846651353_n-768x362.jpg 768w\" sizes=\"auto, (max-width: 965px) 100vw, 965px\" \/><\/a><\/p>\n<p>Tisztelt Iv\u00e1ncsai Lakosok!<\/p>\n<p>T\u00e1j\u00e9koztatom \u00d6n\u00f6ket, hogy az \u00d6nkorm\u00e1nyzat 2023. janu\u00e1r h\u00f3napt\u00f3l az iv\u00e1ncsai lakosok r\u00e9sz\u00e9re ingyenes angol nyelvtanfolyamot szervez.<br \/>\nA tervek szerint heti k\u00e9t alkalommal k\u00e9s\u0151 d\u00e9lut\u00e1ni \u00f3r\u00e1kban ker\u00fclne sor a k\u00e9pz\u00e9sre, amelynek helysz\u00edne a Faluh\u00e1z.<br \/>\nA tanfolyam els\u0151dleges c\u00e9lja, hogy seg\u00edts\u00fck a munk\u00e1ba \u00e1ll\u00e1st azoknak, akik sz\u00e1m\u00e1ra el\u0151nyt jelent majd az angol nyelv alapfok\u00fa ismerete, de term\u00e9szetesen a r\u00e9szv\u00e9telt minden helyi lakosunk sz\u00e1m\u00e1ra biztos\u00edtjuk.<br \/>\nA tanfolyam lebonyol\u00edt\u00e1s\u00e1ra Cs\u00e1sz\u00e1rn\u00e9 Vil\u00f3 Juditot k\u00e9rtem fel, a r\u00e9szv\u00e9teli sz\u00e1nd\u00e9kukat pedig munkaid\u0151ben december 10-ig Rudas Attil\u00e1n\u00e1l a 06\/30\/8465593-telefonsz\u00e1mon jelezhetik.<\/p>\n<p>Moln\u00e1r Tibor<br \/>\npolg\u00e1rmester<\/p>\n","protected":false},"excerpt":{"rendered":"<p>Tisztelt Iv\u00e1ncsai Lakosok! T\u00e1j\u00e9koztatom \u00d6n\u00f6ket, hogy az \u00d6nkorm\u00e1nyzat 2023. janu\u00e1r h\u00f3napt\u00f3l az iv\u00e1ncsai lakosok r\u00e9sz\u00e9re ingyenes angol nyelvtanfolyamot szervez. A tervek szerint heti k\u00e9t alkalommal k\u00e9s\u0151 d\u00e9lut\u00e1ni \u00f3r\u00e1kban ker\u00fclne sor a k\u00e9pz\u00e9sre, amelynek helysz\u00edne a Faluh\u00e1z. A tanfolyam els\u0151dleges c\u00e9lja, hogy seg\u00edts\u00fck a munk\u00e1ba \u00e1ll\u00e1st azoknak, akik sz\u00e1m\u00e1ra el\u0151nyt jelent majd az angol nyelv alapfok\u00fa [&hellip;]<\/p>\n","protected":false},"author":3,"featured_media":0,"comment_status":"closed","ping_status":"open","sticky":false,"template":"","format":"standard","meta":{"footnotes":""},"categories":[7],"tags":[],"class_list":["post-4446","post","type-post","status-publish","format-standard","hentry","category-ivancsai-faluhaz"],"brizy_media":[],"_links":{"self":[{"href":"https:\/\/ikmk.hu\/archiv\/wp-json\/wp\/v2\/posts\/4446","targetHints":{"allow":["GET"]}}],"collection":[{"href":"https:\/\/ikmk.hu\/archiv\/wp-json\/wp\/v2\/posts"}],"about":[{"href":"https:\/\/ikmk.hu\/archiv\/wp-json\/wp\/v2\/types\/post"}],"author":[{"embeddable":true,"href":"https:\/\/ikmk.hu\/archiv\/wp-json\/wp\/v2\/users\/3"}],"replies":[{"embeddable":true,"href":"https:\/\/ikmk.hu\/archiv\/wp-json\/wp\/v2\/comments?post=4446"}],"version-history":[{"count":1,"href":"https:\/\/ikmk.hu\/archiv\/wp-json\/wp\/v2\/posts\/4446\/revisions"}],"predecessor-version":[{"id":4449,"href":"https:\/\/ikmk.hu\/archiv\/wp-json\/wp\/v2\/posts\/4446\/revisions\/4449"}],"wp:attachment":[{"href":"https:\/\/ikmk.hu\/archiv\/wp-json\/wp\/v2\/media?parent=4446"}],"wp:term":[{"taxonomy":"category","embeddable":true,"href":"https:\/\/ikmk.hu\/archiv\/wp-json\/wp\/v2\/categories?post=4446"},{"taxonomy":"post_tag","embeddable":true,"href":"https:\/\/ikmk.hu\/archiv\/wp-json\/wp\/v2\/tags?post=4446"}],"curies":[{"name":"wp","href":"https:\/\/api.w.org\/{rel}","templated":true}]}}