{"id":5644,"date":"2025-02-24T15:19:55","date_gmt":"2025-02-24T13:19:55","guid":{"rendered":"https:\/\/ikmk.hu\/archiv\/?p=5644"},"modified":"2025-02-24T15:19:57","modified_gmt":"2025-02-24T13:19:57","slug":"2025-marcius-7-nonapi-musor-ivancsaiaktol-ivancsaiaknak-nem-csak-holgyeknek","status":"publish","type":"post","link":"https:\/\/ikmk.hu\/archiv\/ivancsai-faluhaz\/2025-marcius-7-nonapi-musor-ivancsaiaktol-ivancsaiaknak-nem-csak-holgyeknek\/","title":{"rendered":"2025. m\u00e1rcius 7. &#8211; N\u0151napi m\u0171sor &#8211; Iv\u00e1ncsaiakt\u00f3l Iv\u00e1ncsaiaknak (nem csak h\u00f6lgyeknek)"},"content":{"rendered":"\n<figure class=\"wp-block-image size-large\"><img loading=\"lazy\" decoding=\"async\" width=\"1024\" height=\"1024\" src=\"https:\/\/ikmk.hu\/archiv\/wp-content\/uploads\/2025\/02\/480597366_935196008795774_3803452020732234423_n-1024x1024.jpg\" alt=\"\" class=\"wp-image-5645\" srcset=\"https:\/\/ikmk.hu\/archiv\/wp-content\/uploads\/2025\/02\/480597366_935196008795774_3803452020732234423_n-1024x1024.jpg 1024w, https:\/\/ikmk.hu\/archiv\/wp-content\/uploads\/2025\/02\/480597366_935196008795774_3803452020732234423_n-300x300.jpg 300w, https:\/\/ikmk.hu\/archiv\/wp-content\/uploads\/2025\/02\/480597366_935196008795774_3803452020732234423_n-150x150.jpg 150w, https:\/\/ikmk.hu\/archiv\/wp-content\/uploads\/2025\/02\/480597366_935196008795774_3803452020732234423_n-768x768.jpg 768w, https:\/\/ikmk.hu\/archiv\/wp-content\/uploads\/2025\/02\/480597366_935196008795774_3803452020732234423_n.jpg 2048w\" sizes=\"auto, (max-width: 1024px) 100vw, 1024px\" \/><\/figure>\n\n\n\n<div class=\"xdj266r x11i5rnm xat24cr x1mh8g0r x1vvkbs\" style=\"text-align: left;\">IV\u00c1NCSAIAKT\u00d3L IV\u00c1NCSAIAKNAK &#8211; ZEN\u00c9S M\u0170SOR (NEM CSAK) H\u00d6LGYEKNEK<\/div>\n<div class=\"xdj266r x11i5rnm xat24cr x1mh8g0r x1vvkbs\" style=\"text-align: left;\">2025. m\u00e1rcius 7. p\u00e9ntek 18 \u00f3ra<br class=\"html-br\" \/>Iv\u00e1ncsa, Faluh\u00e1z<\/div>\n<div style=\"text-align: left;\">\u00a0<\/div>\n<div class=\"x11i5rnm xat24cr x1mh8g0r x1vvkbs xtlvy1s\" style=\"text-align: left;\">A m\u0171sor id\u0151tartama: kb. 60 perc<\/div>\n<div style=\"text-align: left;\">\u00a0<\/div>\n<div class=\"x11i5rnm xat24cr x1mh8g0r x1vvkbs xtlvy1s\" style=\"text-align: left;\">Szeretettel v\u00e1runk minden iv\u00e1ncsai h\u00f6lgyet (\u00e9s k\u00eds\u00e9r\u0151iket) m\u00e1rcius 7-\u00e9n, p\u00e9ntek este 18 \u00f3rakor a Faluh\u00e1zban, ahol n\u0151nap alkalm\u00e1b\u00f3l egy k\u00fcl\u00f6nleges zen\u00e9s rendezv\u00e9nnyel kedvesked\u00fcnk \u00d6n\u00f6knek.<\/div>\n<div class=\"x11i5rnm xat24cr x1mh8g0r x1vvkbs xtlvy1s\" style=\"text-align: left;\">Az est folyam\u00e1n olyan m\u0171v\u00e9szek, zen\u00e9szek \u00e9s \u00e9nekesek sz\u00f3rakoztatj\u00e1k majd \u00d6n\u00f6ket, akik mind iv\u00e1ncsai k\u00f6t\u0151d\u00e9s\u0171ek, itt \u00e9lnek Iv\u00e1ncs\u00e1n.<br class=\"html-br\" \/>Legnagyobb \u00f6r\u00f6m\u00fcnkre mindannyian els\u0151 sz\u00f3ra igent mondtak felk\u00e9r\u00e9s\u00fcnkre.<br class=\"html-br\" \/>Ezen az est\u00e9n \u00d6n\u00f6k\u00e9rt sz\u00f3l a dal. J\u00f6jjenek el, \u00fcnnepelj\u00fcnk egy\u00fctt egy kellemes \u00e9s meghitt hangulat\u00fa est\u00e9n!<\/div>\n<div class=\"x11i5rnm xat24cr x1mh8g0r x1vvkbs xtlvy1s\" style=\"text-align: left;\">FELL\u00c9P:<br class=\"html-br\" \/>&#8211; Kov\u00e1csn\u00e9 Szilv\u00e1ssy No\u00e9mi \u00e9s Kov\u00e1cs \u00c1kos zen\u00e9sz-\u00e9nekes h\u00e1zasp\u00e1r<br class=\"html-br\" \/>&#8211; V\u00e9rtesi-Nagy Ferenc n\u00f3ta \u00e9nekes<br class=\"html-br\" \/>&#8211; Kov\u00e1cs Andor zen\u00e9sz<br class=\"html-br\" \/>&#8211; G\u00e1sp\u00e1r \u00c1lmos zen\u00e9sz, a Kormor\u00e1n egy\u00fcttes tagja<br class=\"html-br\" \/>&#8211; Pete \u00c1d\u00e1m D\u00e1vid opera\u00e9nekes, a Budapesti Operettsz\u00ednh\u00e1z m\u0171v\u00e9sze<br class=\"html-br\" \/>&#8211; Zayzon Csaba sz\u00edn\u00e9sz, \u00e9nekes<\/div>\n<div class=\"x11i5rnm xat24cr x1mh8g0r x1vvkbs xtlvy1s\" style=\"text-align: left;\">~ Konfer\u00e1l: Jo\u00f3 G\u00e1bor sz\u00edn\u00e9sz<\/div>\n<div style=\"text-align: left;\">\u00a0<\/div>\n<div style=\"text-align: left;\">\u00a0<\/div>\n<div class=\"x11i5rnm xat24cr x1mh8g0r x1vvkbs xtlvy1s\" style=\"text-align: left;\">A rendezv\u00e9nyre a bel\u00e9p\u00e9s ingyenes, de el\u0151zetes regisztr\u00e1ci\u00f3hoz k\u00f6t\u00f6tt.<\/div>\n<div class=\"x11i5rnm xat24cr x1mh8g0r x1vvkbs xtlvy1s\" style=\"text-align: left;\">Regisztr\u00e1lni az al\u00e1bbi linken:\u00a0<a class=\"x1i10hfl xjbqb8w x1ejq31n xd10rxx x1sy0etr x17r0tee x972fbf xcfux6l x1qhh985 xm0m39n x9f619 x1ypdohk xt0psk2 xe8uvvx xdj266r x11i5rnm xat24cr x1mh8g0r xexx8yu x4uap5 x18d9i69 xkhd6sd x16tdsg8 x1hl2dhg xggy1nq x1a2a7pz x1sur9pj xkrqix3 x1fey0fg x1s688f\" tabindex=\"0\" role=\"link\" href=\"https:\/\/forms.gle\/uAVtPgniSWCSyh8H9?fbclid=IwZXh0bgNhZW0CMTAAAR19odh9sK_9skE_cyz3rbKL3EA5ZkwSaKyKD77Wxhhx9rVzreCE8mfSArc_aem_tWD_832_RhdUZS_0AqQPPw\" target=\"_blank\" rel=\"nofollow noopener noreferrer\">https:\/\/forms.gle\/uAVtPgniSWCSyh8H9<\/a><\/div>\n<div class=\"x11i5rnm xat24cr x1mh8g0r x1vvkbs xtlvy1s\" style=\"text-align: left;\">illetve minden h\u00e9tk\u00f6znap 8-16 \u00f3ra k\u00f6z\u00f6tt a 06 30 846 55 93 telefonsz\u00e1mon lehet.<\/div>\n<div style=\"text-align: left;\">\u00a0<\/div>\n<div class=\"x11i5rnm xat24cr x1mh8g0r x1vvkbs xtlvy1s\" style=\"text-align: left;\">Szeretettel v\u00e1rjuk \u00d6n\u00f6ket!<\/div>\n\n\n\n\n","protected":false},"excerpt":{"rendered":"<p>IV\u00c1NCSAIAKT\u00d3L IV\u00c1NCSAIAKNAK &#8211; ZEN\u00c9S M\u0170SOR (NEM CSAK) H\u00d6LGYEKNEK 2025. m\u00e1rcius 7. p\u00e9ntek 18 \u00f3raIv\u00e1ncsa, Faluh\u00e1z \u00a0 A m\u0171sor id\u0151tartama: kb. 60 perc \u00a0 Szeretettel v\u00e1runk minden iv\u00e1ncsai h\u00f6lgyet (\u00e9s k\u00eds\u00e9r\u0151iket) m\u00e1rcius 7-\u00e9n, p\u00e9ntek este 18 \u00f3rakor a Faluh\u00e1zban, ahol n\u0151nap alkalm\u00e1b\u00f3l egy k\u00fcl\u00f6nleges zen\u00e9s rendezv\u00e9nnyel kedvesked\u00fcnk \u00d6n\u00f6knek. Az est folyam\u00e1n olyan m\u0171v\u00e9szek, zen\u00e9szek \u00e9s \u00e9nekesek [&hellip;]<\/p>\n","protected":false},"author":3,"featured_media":0,"comment_status":"closed","ping_status":"open","sticky":false,"template":"","format":"standard","meta":{"footnotes":""},"categories":[7],"tags":[],"class_list":["post-5644","post","type-post","status-publish","format-standard","hentry","category-ivancsai-faluhaz"],"brizy_media":[],"_links":{"self":[{"href":"https:\/\/ikmk.hu\/archiv\/wp-json\/wp\/v2\/posts\/5644","targetHints":{"allow":["GET"]}}],"collection":[{"href":"https:\/\/ikmk.hu\/archiv\/wp-json\/wp\/v2\/posts"}],"about":[{"href":"https:\/\/ikmk.hu\/archiv\/wp-json\/wp\/v2\/types\/post"}],"author":[{"embeddable":true,"href":"https:\/\/ikmk.hu\/archiv\/wp-json\/wp\/v2\/users\/3"}],"replies":[{"embeddable":true,"href":"https:\/\/ikmk.hu\/archiv\/wp-json\/wp\/v2\/comments?post=5644"}],"version-history":[{"count":1,"href":"https:\/\/ikmk.hu\/archiv\/wp-json\/wp\/v2\/posts\/5644\/revisions"}],"predecessor-version":[{"id":5646,"href":"https:\/\/ikmk.hu\/archiv\/wp-json\/wp\/v2\/posts\/5644\/revisions\/5646"}],"wp:attachment":[{"href":"https:\/\/ikmk.hu\/archiv\/wp-json\/wp\/v2\/media?parent=5644"}],"wp:term":[{"taxonomy":"category","embeddable":true,"href":"https:\/\/ikmk.hu\/archiv\/wp-json\/wp\/v2\/categories?post=5644"},{"taxonomy":"post_tag","embeddable":true,"href":"https:\/\/ikmk.hu\/archiv\/wp-json\/wp\/v2\/tags?post=5644"}],"curies":[{"name":"wp","href":"https:\/\/api.w.org\/{rel}","templated":true}]}}